{"id":974,"date":"2019-06-19T21:40:00","date_gmt":"2019-06-20T00:40:00","guid":{"rendered":"http:\/\/missoesgracaevida.com.br\/home\/?p=974"},"modified":"2019-06-19T21:40:00","modified_gmt":"2019-06-20T00:40:00","slug":"projeto-jequitinhonha-para-cristo-maio-de-2019","status":"publish","type":"post","link":"https:\/\/missoesgracaevida.com.br\/home\/?p=974","title":{"rendered":"Projeto: Jequitinhonha para Cristo &#8211; Maio de 2019"},"content":{"rendered":"<p>Que a gra\u00e7a e a paz do Senhor estejam com todos colaboradores da obra<br \/>\nmission\u00e1ria, \u00e9 com muita alegria que passamos a relatar as realiza\u00e7\u00f5es do campo mission\u00e1rio de Medina\/MG.<br \/>\nNesse in\u00edcio do m\u00eas de Junho, confeccionamos adesivos com os hor\u00e1rios<br \/>\ndos cultos e com o endere\u00e7o da igreja para colarmos atr\u00e1s dos folhetos<br \/>\nevangel\u00edsticos onde em um dia quase cem pessoas foram evangelizadas nos<br \/>\ncom\u00e9rcios e nas ruas. Esse projeto evangel\u00edstico denominou de Projeto Fora do Saleiro. Orem por n\u00f3s.<br \/>\nAtt;<\/p>\n<p style=\"text-align: right;\"><strong>Mission\u00e1rios Daniel e Elda Nunes<\/strong><\/p>\n","protected":false},"excerpt":{"rendered":"<p>Que a gra\u00e7a e a paz do Senhor estejam com todos colaboradores da obra mission\u00e1ria, \u00e9 com muita alegria que passamos a relatar as realiza\u00e7\u00f5es do campo mission\u00e1rio de Medina\/MG.&hellip;<\/p>\n","protected":false},"author":2,"featured_media":0,"comment_status":"open","ping_status":"open","sticky":false,"template":"","format":"standard","meta":[],"categories":[21,16],"tags":[],"_links":{"self":[{"href":"https:\/\/missoesgracaevida.com.br\/home\/index.php?rest_route=\/wp\/v2\/posts\/974"}],"collection":[{"href":"https:\/\/missoesgracaevida.com.br\/home\/index.php?rest_route=\/wp\/v2\/posts"}],"about":[{"href":"https:\/\/missoesgracaevida.com.br\/home\/index.php?rest_route=\/wp\/v2\/types\/post"}],"author":[{"embeddable":true,"href":"https:\/\/missoesgracaevida.com.br\/home\/index.php?rest_route=\/wp\/v2\/users\/2"}],"replies":[{"embeddable":true,"href":"https:\/\/missoesgracaevida.com.br\/home\/index.php?rest_route=%2Fwp%2Fv2%2Fcomments&post=974"}],"version-history":[{"count":1,"href":"https:\/\/missoesgracaevida.com.br\/home\/index.php?rest_route=\/wp\/v2\/posts\/974\/revisions"}],"predecessor-version":[{"id":975,"href":"https:\/\/missoesgracaevida.com.br\/home\/index.php?rest_route=\/wp\/v2\/posts\/974\/revisions\/975"}],"wp:attachment":[{"href":"https:\/\/missoesgracaevida.com.br\/home\/index.php?rest_route=%2Fwp%2Fv2%2Fmedia&parent=974"}],"wp:term":[{"taxonomy":"category","embeddable":true,"href":"https:\/\/missoesgracaevida.com.br\/home\/index.php?rest_route=%2Fwp%2Fv2%2Fcategories&post=974"},{"taxonomy":"post_tag","embeddable":true,"href":"https:\/\/missoesgracaevida.com.br\/home\/index.php?rest_route=%2Fwp%2Fv2%2Ftags&post=974"}],"curies":[{"name":"wp","href":"https:\/\/api.w.org\/{rel}","templated":true}]}}