{"id":774,"date":"2019-03-24T09:46:48","date_gmt":"2019-03-24T12:46:48","guid":{"rendered":"http:\/\/missoesgracaevida.com.br\/home\/?p=774"},"modified":"2019-03-24T09:48:08","modified_gmt":"2019-03-24T12:48:08","slug":"missionarios-em-acao-medina","status":"publish","type":"post","link":"https:\/\/missoesgracaevida.com.br\/home\/?p=774","title":{"rendered":"Mission\u00e1rios em A\u00e7\u00e3o: Medina"},"content":{"rendered":"<blockquote><p>Essa semana estivemos na ONG Menina Dan\u00e7a, aqui, em Medina, onde a maioria dessas meninas sofrem todos os tipos de abusos que podemos conhecer. A mission\u00e1ria Elda trouxe a Palavra de Deus e, depois, ministramos uma palavra prof\u00e9tica sobre elas.<\/p><\/blockquote>\n<p>Mission\u00e1rios Daniel e Elda.<br \/>\nMedina &#8211; Vale do Jequitinhonha.<\/p>\n<p>&nbsp;<\/p>\n<div class=\"rl-gallery-container rl-loading\" id=\"rl-gallery-container-1\" data-gallery_id=\"779\"> <div class=\"rl-gallery rl-basicgrid-gallery \" id=\"rl-gallery-1\" data-gallery_no=\"1\"> <div class=\"rl-gallery-item\"><a href=\"https:\/\/missoesgracaevida.com.br\/home\/wp-content\/uploads\/2019\/03\/WhatsApp-Image-2019-03-23-at-17.36.53.jpeg\" title=\"\" data-rl_title=\"\" class=\"rl-gallery-link\" data-rl_caption=\"\" data-rel=\"lightbox-gallery-1\"><img src=\"https:\/\/missoesgracaevida.com.br\/home\/wp-content\/uploads\/2019\/03\/WhatsApp-Image-2019-03-23-at-17.36.53-150x150.jpeg\" width=\"150\" height=\"150\" \/><\/a><\/div><div class=\"rl-gallery-item\"><a href=\"https:\/\/missoesgracaevida.com.br\/home\/wp-content\/uploads\/2019\/03\/WhatsApp-Image-2019-03-23-at-17.36.52.jpeg\" title=\"\" data-rl_title=\"\" class=\"rl-gallery-link\" data-rl_caption=\"\" data-rel=\"lightbox-gallery-1\"><img src=\"https:\/\/missoesgracaevida.com.br\/home\/wp-content\/uploads\/2019\/03\/WhatsApp-Image-2019-03-23-at-17.36.52-150x150.jpeg\" width=\"150\" height=\"150\" \/><\/a><\/div><div class=\"rl-gallery-item\"><a href=\"https:\/\/missoesgracaevida.com.br\/home\/wp-content\/uploads\/2019\/03\/WhatsApp-Image-2019-03-23-at-17.36.48.jpeg\" title=\"\" data-rl_title=\"\" class=\"rl-gallery-link\" data-rl_caption=\"\" data-rel=\"lightbox-gallery-1\"><img src=\"https:\/\/missoesgracaevida.com.br\/home\/wp-content\/uploads\/2019\/03\/WhatsApp-Image-2019-03-23-at-17.36.48-150x150.jpeg\" width=\"150\" height=\"150\" \/><\/a><\/div> <\/div> <\/div>\n","protected":false},"excerpt":{"rendered":"<p>Essa semana estivemos na ONG Menina Dan\u00e7a, aqui, em Medina, onde a maioria dessas meninas sofrem todos os tipos de abusos que podemos conhecer. A mission\u00e1ria Elda trouxe a Palavra&hellip;<\/p>\n","protected":false},"author":2,"featured_media":775,"comment_status":"open","ping_status":"open","sticky":false,"template":"","format":"standard","meta":[],"categories":[21,16],"tags":[],"_links":{"self":[{"href":"https:\/\/missoesgracaevida.com.br\/home\/index.php?rest_route=\/wp\/v2\/posts\/774"}],"collection":[{"href":"https:\/\/missoesgracaevida.com.br\/home\/index.php?rest_route=\/wp\/v2\/posts"}],"about":[{"href":"https:\/\/missoesgracaevida.com.br\/home\/index.php?rest_route=\/wp\/v2\/types\/post"}],"author":[{"embeddable":true,"href":"https:\/\/missoesgracaevida.com.br\/home\/index.php?rest_route=\/wp\/v2\/users\/2"}],"replies":[{"embeddable":true,"href":"https:\/\/missoesgracaevida.com.br\/home\/index.php?rest_route=%2Fwp%2Fv2%2Fcomments&post=774"}],"version-history":[{"count":2,"href":"https:\/\/missoesgracaevida.com.br\/home\/index.php?rest_route=\/wp\/v2\/posts\/774\/revisions"}],"predecessor-version":[{"id":780,"href":"https:\/\/missoesgracaevida.com.br\/home\/index.php?rest_route=\/wp\/v2\/posts\/774\/revisions\/780"}],"wp:featuredmedia":[{"embeddable":true,"href":"https:\/\/missoesgracaevida.com.br\/home\/index.php?rest_route=\/wp\/v2\/media\/775"}],"wp:attachment":[{"href":"https:\/\/missoesgracaevida.com.br\/home\/index.php?rest_route=%2Fwp%2Fv2%2Fmedia&parent=774"}],"wp:term":[{"taxonomy":"category","embeddable":true,"href":"https:\/\/missoesgracaevida.com.br\/home\/index.php?rest_route=%2Fwp%2Fv2%2Fcategories&post=774"},{"taxonomy":"post_tag","embeddable":true,"href":"https:\/\/missoesgracaevida.com.br\/home\/index.php?rest_route=%2Fwp%2Fv2%2Ftags&post=774"}],"curies":[{"name":"wp","href":"https:\/\/api.w.org\/{rel}","templated":true}]}}