{"id":750,"date":"2019-02-17T15:09:06","date_gmt":"2019-02-17T18:09:06","guid":{"rendered":"http:\/\/missoesgracaevida.com.br\/home\/?p=750"},"modified":"2019-02-17T15:19:34","modified_gmt":"2019-02-17T18:19:34","slug":"relatorio-mensal-araripe-dezembro-2018","status":"publish","type":"post","link":"https:\/\/missoesgracaevida.com.br\/home\/?p=750","title":{"rendered":"Projeto: Crian\u00e7as Nordestinas &#8211; Relat\u00f3rio de Dezembro 2018"},"content":{"rendered":"<p align=\"justify\">Que a gra\u00e7a e a paz do Senhor estejam com todos colaboradores da obra mission\u00e1ria no nordeste brasileiro. \u00c9 com muita alegria que passamos a relatar as realiza\u00e7\u00f5es do campo mission\u00e1rio no munic\u00edpio de Araripe Cear\u00e1.<br \/>\nCome\u00e7amos o m\u00eas de Julho realizando evangelismo convidando as pessoas para um culto evangel\u00edstico no bairro conjunto Santo Ant\u00f4nio, onde ocorreu louvores e uma poderosa palavra de salva\u00e7\u00e3o, onde uma alma aceitou ao Senhor como Salvador.<\/p>\n<p>Pe\u00e7o aos nossos irm\u00e3os que orem pelas nossas crian\u00e7as. Estamos realizando projeto com as crian\u00e7as do bairro Santo Ant\u00f4nio, aonde atrav\u00e9s delas, fam\u00edlias vem sendo aben\u00e7oadas pelo Esp\u00edrito Santo.<\/p>\n<p><em>\u201cN\u00e3o desprezarem um s\u00f3 destes pequeninos! Pois eu digo que os anjos deles nos c\u00e9us est\u00e3o sempre vendo a face de meu Pai celeste\u201d Mateus 18:10<\/em><\/p>\n<p>Tenho a honra de estar na lideran\u00e7a dessa linda mocidade, onde realizamos v\u00e1rias atividades como evangelismo, reuni\u00f5es aos s\u00e1bados envolvendo os jovens e guiando eles no caminho da Salva\u00e7\u00e3o.<\/p>\n<p><em>\u201cJovens, eu escrevi a voc\u00eas, porque s\u00e3o fortes, e em voc\u00eas a Palavra de Deus permanece, e voc\u00eas venceram o Maligno.\u201d 1 Jo\u00e3o 2:14<\/em><\/p>\n<p>Continuem orando e contribuindo com a obra mission\u00e1ria no Nordeste, que grandes coisas Deus t\u00eam realizado. As vossas ora\u00e7\u00f5es e contribui\u00e7\u00f5es s\u00e3o de grande valia para essa obra, agradecemos a Deus por cada contribuinte e despedimo-nos com a paz do Senhor Jesus.<\/p>\n<p style=\"text-align: right;\"><strong>Mission\u00e1ria Vanessa Gomes<\/strong><\/p>\n","protected":false},"excerpt":{"rendered":"<p>Que a gra\u00e7a e a paz do Senhor estejam com todos colaboradores da obra mission\u00e1ria no nordeste brasileiro. \u00c9 com muita alegria que passamos a relatar as realiza\u00e7\u00f5es do campo&hellip;<\/p>\n","protected":false},"author":2,"featured_media":0,"comment_status":"open","ping_status":"open","sticky":false,"template":"","format":"standard","meta":[],"categories":[21,17],"tags":[],"_links":{"self":[{"href":"https:\/\/missoesgracaevida.com.br\/home\/index.php?rest_route=\/wp\/v2\/posts\/750"}],"collection":[{"href":"https:\/\/missoesgracaevida.com.br\/home\/index.php?rest_route=\/wp\/v2\/posts"}],"about":[{"href":"https:\/\/missoesgracaevida.com.br\/home\/index.php?rest_route=\/wp\/v2\/types\/post"}],"author":[{"embeddable":true,"href":"https:\/\/missoesgracaevida.com.br\/home\/index.php?rest_route=\/wp\/v2\/users\/2"}],"replies":[{"embeddable":true,"href":"https:\/\/missoesgracaevida.com.br\/home\/index.php?rest_route=%2Fwp%2Fv2%2Fcomments&post=750"}],"version-history":[{"count":5,"href":"https:\/\/missoesgracaevida.com.br\/home\/index.php?rest_route=\/wp\/v2\/posts\/750\/revisions"}],"predecessor-version":[{"id":756,"href":"https:\/\/missoesgracaevida.com.br\/home\/index.php?rest_route=\/wp\/v2\/posts\/750\/revisions\/756"}],"wp:attachment":[{"href":"https:\/\/missoesgracaevida.com.br\/home\/index.php?rest_route=%2Fwp%2Fv2%2Fmedia&parent=750"}],"wp:term":[{"taxonomy":"category","embeddable":true,"href":"https:\/\/missoesgracaevida.com.br\/home\/index.php?rest_route=%2Fwp%2Fv2%2Fcategories&post=750"},{"taxonomy":"post_tag","embeddable":true,"href":"https:\/\/missoesgracaevida.com.br\/home\/index.php?rest_route=%2Fwp%2Fv2%2Ftags&post=750"}],"curies":[{"name":"wp","href":"https:\/\/api.w.org\/{rel}","templated":true}]}}