{"id":538,"date":"2018-09-15T17:17:35","date_gmt":"2018-09-15T17:17:35","guid":{"rendered":"http:\/\/missoesgracaevida.com.br\/home\/?p=538"},"modified":"2018-09-15T17:19:04","modified_gmt":"2018-09-15T17:19:04","slug":"evangelismo-jequitinhonha-para-cristo","status":"publish","type":"post","link":"https:\/\/missoesgracaevida.com.br\/home\/?p=538","title":{"rendered":"Evangelismo &#8211; Jequitinhonha para Cristo"},"content":{"rendered":"<p>A paz do Senhor!<\/p>\n<p>Realizamos hoje, dia 15\/09\/2018, um grande evangelismo na Pra\u00e7a Central de Medina, pra\u00e7a Max Machado. Houve entrega de folhetos e louvores, com as participa\u00e7\u00f5es do evangelista Matias Malaquias, da irm\u00e3 Penha e do adolescente Eliabe.<\/p>\n<p><img loading=\"lazy\" class=\"alignnone size-full wp-image-537\" src=\"http:\/\/missoesgracaevida.com.br\/home\/wp-content\/uploads\/2018\/09\/WhatsApp-Image-2018-09-15-at-10.46.52.jpeg\" alt=\"\" width=\"1280\" height=\"960\" srcset=\"https:\/\/missoesgracaevida.com.br\/home\/wp-content\/uploads\/2018\/09\/WhatsApp-Image-2018-09-15-at-10.46.52.jpeg 1280w, https:\/\/missoesgracaevida.com.br\/home\/wp-content\/uploads\/2018\/09\/WhatsApp-Image-2018-09-15-at-10.46.52-300x225.jpeg 300w, https:\/\/missoesgracaevida.com.br\/home\/wp-content\/uploads\/2018\/09\/WhatsApp-Image-2018-09-15-at-10.46.52-768x576.jpeg 768w, https:\/\/missoesgracaevida.com.br\/home\/wp-content\/uploads\/2018\/09\/WhatsApp-Image-2018-09-15-at-10.46.52-1024x768.jpeg 1024w\" sizes=\"(max-width: 1280px) 100vw, 1280px\" \/><\/p>\n<p><img loading=\"lazy\" class=\"alignnone size-full wp-image-536\" src=\"http:\/\/missoesgracaevida.com.br\/home\/wp-content\/uploads\/2018\/09\/WhatsApp-Image-2018-09-15-at-10.46.53.jpeg\" alt=\"\" width=\"1280\" height=\"960\" srcset=\"https:\/\/missoesgracaevida.com.br\/home\/wp-content\/uploads\/2018\/09\/WhatsApp-Image-2018-09-15-at-10.46.53.jpeg 1280w, https:\/\/missoesgracaevida.com.br\/home\/wp-content\/uploads\/2018\/09\/WhatsApp-Image-2018-09-15-at-10.46.53-300x225.jpeg 300w, https:\/\/missoesgracaevida.com.br\/home\/wp-content\/uploads\/2018\/09\/WhatsApp-Image-2018-09-15-at-10.46.53-768x576.jpeg 768w, https:\/\/missoesgracaevida.com.br\/home\/wp-content\/uploads\/2018\/09\/WhatsApp-Image-2018-09-15-at-10.46.53-1024x768.jpeg 1024w\" sizes=\"(max-width: 1280px) 100vw, 1280px\" \/><\/p>\n<p><img loading=\"lazy\" class=\"alignnone size-full wp-image-535\" src=\"http:\/\/missoesgracaevida.com.br\/home\/wp-content\/uploads\/2018\/09\/WhatsApp-Image-2018-09-15-at-10.46.52-1.jpeg\" alt=\"\" width=\"1280\" height=\"960\" srcset=\"https:\/\/missoesgracaevida.com.br\/home\/wp-content\/uploads\/2018\/09\/WhatsApp-Image-2018-09-15-at-10.46.52-1.jpeg 1280w, https:\/\/missoesgracaevida.com.br\/home\/wp-content\/uploads\/2018\/09\/WhatsApp-Image-2018-09-15-at-10.46.52-1-300x225.jpeg 300w, https:\/\/missoesgracaevida.com.br\/home\/wp-content\/uploads\/2018\/09\/WhatsApp-Image-2018-09-15-at-10.46.52-1-768x576.jpeg 768w, https:\/\/missoesgracaevida.com.br\/home\/wp-content\/uploads\/2018\/09\/WhatsApp-Image-2018-09-15-at-10.46.52-1-1024x768.jpeg 1024w\" sizes=\"(max-width: 1280px) 100vw, 1280px\" \/><\/p>\n<blockquote>\n<p style=\"text-align: right;\">Mission\u00e1rios Daniel e Elda Nunes<\/p>\n<\/blockquote>\n","protected":false},"excerpt":{"rendered":"<p>A paz do Senhor! Realizamos hoje, dia 15\/09\/2018, um grande evangelismo na Pra\u00e7a Central de Medina, pra\u00e7a Max Machado. Houve entrega de folhetos e louvores, com as participa\u00e7\u00f5es do evangelista&hellip;<\/p>\n","protected":false},"author":2,"featured_media":537,"comment_status":"open","ping_status":"open","sticky":false,"template":"","format":"standard","meta":[],"categories":[21,16],"tags":[],"_links":{"self":[{"href":"https:\/\/missoesgracaevida.com.br\/home\/index.php?rest_route=\/wp\/v2\/posts\/538"}],"collection":[{"href":"https:\/\/missoesgracaevida.com.br\/home\/index.php?rest_route=\/wp\/v2\/posts"}],"about":[{"href":"https:\/\/missoesgracaevida.com.br\/home\/index.php?rest_route=\/wp\/v2\/types\/post"}],"author":[{"embeddable":true,"href":"https:\/\/missoesgracaevida.com.br\/home\/index.php?rest_route=\/wp\/v2\/users\/2"}],"replies":[{"embeddable":true,"href":"https:\/\/missoesgracaevida.com.br\/home\/index.php?rest_route=%2Fwp%2Fv2%2Fcomments&post=538"}],"version-history":[{"count":2,"href":"https:\/\/missoesgracaevida.com.br\/home\/index.php?rest_route=\/wp\/v2\/posts\/538\/revisions"}],"predecessor-version":[{"id":540,"href":"https:\/\/missoesgracaevida.com.br\/home\/index.php?rest_route=\/wp\/v2\/posts\/538\/revisions\/540"}],"wp:featuredmedia":[{"embeddable":true,"href":"https:\/\/missoesgracaevida.com.br\/home\/index.php?rest_route=\/wp\/v2\/media\/537"}],"wp:attachment":[{"href":"https:\/\/missoesgracaevida.com.br\/home\/index.php?rest_route=%2Fwp%2Fv2%2Fmedia&parent=538"}],"wp:term":[{"taxonomy":"category","embeddable":true,"href":"https:\/\/missoesgracaevida.com.br\/home\/index.php?rest_route=%2Fwp%2Fv2%2Fcategories&post=538"},{"taxonomy":"post_tag","embeddable":true,"href":"https:\/\/missoesgracaevida.com.br\/home\/index.php?rest_route=%2Fwp%2Fv2%2Ftags&post=538"}],"curies":[{"name":"wp","href":"https:\/\/api.w.org\/{rel}","templated":true}]}}