{"id":2021,"date":"2021-05-11T13:27:14","date_gmt":"2021-05-11T16:27:14","guid":{"rendered":"https:\/\/missoesgracaevida.com.br\/home\/?p=2021"},"modified":"2021-05-11T13:54:16","modified_gmt":"2021-05-11T16:54:16","slug":"parabens-pr-ivanildo","status":"publish","type":"post","link":"https:\/\/missoesgracaevida.com.br\/home\/?p=2021","title":{"rendered":"Feliz Anivers\u00e1rio, Pr. Ivanildo!"},"content":{"rendered":"\n<p>Hoje \u00e9 um dia muito especial, pois celebramos o anivers\u00e1rio do presidente das Miss\u00f5es Gra\u00e7a &amp; Vida. Feliz anivers\u00e1rio, <strong>Ev. Ivanildo da Concei\u00e7\u00e3o Costa<\/strong>.<\/p>\n\n\n\n<p>O senhor \u00e9 um <strong>homem de Deus, guerreiro e de muitas outras qualidades<\/strong>. Mas acima de tudo, <strong>em teu peito arde um cora\u00e7\u00e3o mission\u00e1rio<\/strong>.<\/p>\n\n\n\n<p>Pedimos ao nosso Deus que ele continue derramando <strong>chuvas de b\u00ean\u00e7\u00e3os<\/strong> sobre tua vida e que <strong>nunca falte o \u00f3leo sobre tua cabe\u00e7a.<\/strong><\/p>\n\n\n\n<p>Muitas felicidades, pastor Ivanildo! Que Deus continue iluminando teus dias com muito amor e paz, e que aben\u00e7oe teu caminho com sa\u00fade, sucesso e alegrias sem fim!<\/p>\n\n\n\n<p><strong>S\u00e3o os votos de toda a diretoria das Miss\u00f5es Gra\u00e7a &amp; Vida.<\/strong><\/p>\n","protected":false},"excerpt":{"rendered":"<p>Hoje \u00e9 um dia muito especial, pois celebramos o anivers\u00e1rio do presidente das Miss\u00f5es Gra\u00e7a &amp; Vida. Feliz anivers\u00e1rio, Ev. Ivanildo da Concei\u00e7\u00e3o Costa. O senhor \u00e9 um homem de&hellip;<\/p>\n","protected":false},"author":2,"featured_media":2024,"comment_status":"open","ping_status":"open","sticky":false,"template":"","format":"standard","meta":[],"categories":[1,19],"tags":[],"_links":{"self":[{"href":"https:\/\/missoesgracaevida.com.br\/home\/index.php?rest_route=\/wp\/v2\/posts\/2021"}],"collection":[{"href":"https:\/\/missoesgracaevida.com.br\/home\/index.php?rest_route=\/wp\/v2\/posts"}],"about":[{"href":"https:\/\/missoesgracaevida.com.br\/home\/index.php?rest_route=\/wp\/v2\/types\/post"}],"author":[{"embeddable":true,"href":"https:\/\/missoesgracaevida.com.br\/home\/index.php?rest_route=\/wp\/v2\/users\/2"}],"replies":[{"embeddable":true,"href":"https:\/\/missoesgracaevida.com.br\/home\/index.php?rest_route=%2Fwp%2Fv2%2Fcomments&post=2021"}],"version-history":[{"count":3,"href":"https:\/\/missoesgracaevida.com.br\/home\/index.php?rest_route=\/wp\/v2\/posts\/2021\/revisions"}],"predecessor-version":[{"id":2028,"href":"https:\/\/missoesgracaevida.com.br\/home\/index.php?rest_route=\/wp\/v2\/posts\/2021\/revisions\/2028"}],"wp:featuredmedia":[{"embeddable":true,"href":"https:\/\/missoesgracaevida.com.br\/home\/index.php?rest_route=\/wp\/v2\/media\/2024"}],"wp:attachment":[{"href":"https:\/\/missoesgracaevida.com.br\/home\/index.php?rest_route=%2Fwp%2Fv2%2Fmedia&parent=2021"}],"wp:term":[{"taxonomy":"category","embeddable":true,"href":"https:\/\/missoesgracaevida.com.br\/home\/index.php?rest_route=%2Fwp%2Fv2%2Fcategories&post=2021"},{"taxonomy":"post_tag","embeddable":true,"href":"https:\/\/missoesgracaevida.com.br\/home\/index.php?rest_route=%2Fwp%2Fv2%2Ftags&post=2021"}],"curies":[{"name":"wp","href":"https:\/\/api.w.org\/{rel}","templated":true}]}}