{"id":1926,"date":"2021-04-23T09:20:15","date_gmt":"2021-04-23T12:20:15","guid":{"rendered":"https:\/\/missoesgracaevida.com.br\/home\/?p=1926"},"modified":"2021-04-30T11:26:18","modified_gmt":"2021-04-30T14:26:18","slug":"atualizacoes-do-campo-missionario-graca-vida","status":"publish","type":"post","link":"https:\/\/missoesgracaevida.com.br\/home\/?p=1926","title":{"rendered":"Atualiza\u00e7\u00f5es do Campo Mission\u00e1rio &#8211; Gra\u00e7a &#038; Vida"},"content":{"rendered":"\n<p>A paz do Senhor! A fim de mantermos nosso compromisso com nossos mantenedores, seguem algumas atualiza\u00e7\u00f5es do campo mission\u00e1rio.<\/p>\n\n\n\n<p>Os projetos Miss\u00f5es no Interior e Cristo nas Ro\u00e7as, no munic\u00edpio de Ecoporanga, interior do Esp\u00edrito Santo, foram fundidos. Os dois agora s\u00e3o chamados de Miss\u00f5es no Interior, tendo como mission\u00e1rios da base os pastores Levi e Ana Fernandes.<\/p>\n\n\n\n<p>Os mission\u00e1rios Daniel e Elda Alvarenga foram substitu\u00eddos pelos mission\u00e1rios Maxwel Hermisdolfe Martins e Roberta Gon\u00e7alves Gerke, no projeto Jequitinhonha para Cristo, em Medina, Minas Gerais.<\/p>\n\n\n\n<p>Os mission\u00e1rios Wanderson e Gislaine Biet, do <strong>Projeto Jequitinhonha, Peixes no Balaio<\/strong>, retornaram para a Base Sede, no Esp\u00edrito Santo, sendo substitu\u00eddos pelos mission\u00e1rios Nilson e Joelma Oliveira.<\/p>\n\n\n\n<p>Os mission\u00e1rios Lu\u00eds Paulo e Marli, que antes estavam no projeto Miss\u00f5es no Interior, substitu\u00edram os mission\u00e1rios Aldair e Eliene, no projeto &#8220;A Bahia \u00e9 do Santo dos santos&#8221;, em Barra de Caravelas &#8211; BA. Estes substitu\u00edram os mission\u00e1rios Leandro e Sara no projeto &#8220;Semeando em Terras Baianas&#8221;, em Aparaj\u00fa &#8211; BA.<\/p>\n\n\n\n<p>Os mission\u00e1rios Leandro e Sara foram para um novo Projeto Mission\u00e1rio, <strong>Proclamando o Evangelho de Jesus Cristo no Extremo Sul Baiano<\/strong>, na cidade de Teixeira de Freitas &#8211; BA. Esse projeto foi iniciado pelos pastores Jonas e Maria Carneiro como uma congrega\u00e7\u00e3o e agora passa a ser uma base mission\u00e1ria.<\/p>\n\n\n\n<p>Todas essas informa\u00e7\u00f5es podem ser vistas no menu Projetos.<\/p>\n\n\n\n<p>Agradecemos a todos os nossos mantenedores, rogando para Deus multiplique cem vezes mais sobre vossas vidas.<\/p>\n\n\n\n<p><strong>Seja voc\u00ea tamb\u00e9m um mantenedor dessa obra. Ore! Jejue! Contribua! V\u00e1!<br>Miss\u00f5es Gra\u00e7a &amp; Vida \u2013 Levando P\u00e3o do C\u00e9u para quem tem fome.<\/strong><\/p>\n\n\n\n<p class=\"has-text-align-right\"><strong>Atenciosamente,<br>Ev. Ivanildo da Concei\u00e7\u00e3o Costa<br>Presidente das Miss\u00f5es Gra\u00e7a &amp; Vida<\/strong><\/p>\n","protected":false},"excerpt":{"rendered":"<p>A paz do Senhor! A fim de mantermos nosso compromisso com nossos mantenedores, seguem algumas atualiza\u00e7\u00f5es do campo mission\u00e1rio. Os projetos Miss\u00f5es no Interior e Cristo nas Ro\u00e7as, no munic\u00edpio&hellip;<\/p>\n","protected":false},"author":2,"featured_media":1954,"comment_status":"open","ping_status":"open","sticky":false,"template":"","format":"standard","meta":[],"categories":[1,19],"tags":[],"_links":{"self":[{"href":"https:\/\/missoesgracaevida.com.br\/home\/index.php?rest_route=\/wp\/v2\/posts\/1926"}],"collection":[{"href":"https:\/\/missoesgracaevida.com.br\/home\/index.php?rest_route=\/wp\/v2\/posts"}],"about":[{"href":"https:\/\/missoesgracaevida.com.br\/home\/index.php?rest_route=\/wp\/v2\/types\/post"}],"author":[{"embeddable":true,"href":"https:\/\/missoesgracaevida.com.br\/home\/index.php?rest_route=\/wp\/v2\/users\/2"}],"replies":[{"embeddable":true,"href":"https:\/\/missoesgracaevida.com.br\/home\/index.php?rest_route=%2Fwp%2Fv2%2Fcomments&post=1926"}],"version-history":[{"count":11,"href":"https:\/\/missoesgracaevida.com.br\/home\/index.php?rest_route=\/wp\/v2\/posts\/1926\/revisions"}],"predecessor-version":[{"id":1977,"href":"https:\/\/missoesgracaevida.com.br\/home\/index.php?rest_route=\/wp\/v2\/posts\/1926\/revisions\/1977"}],"wp:featuredmedia":[{"embeddable":true,"href":"https:\/\/missoesgracaevida.com.br\/home\/index.php?rest_route=\/wp\/v2\/media\/1954"}],"wp:attachment":[{"href":"https:\/\/missoesgracaevida.com.br\/home\/index.php?rest_route=%2Fwp%2Fv2%2Fmedia&parent=1926"}],"wp:term":[{"taxonomy":"category","embeddable":true,"href":"https:\/\/missoesgracaevida.com.br\/home\/index.php?rest_route=%2Fwp%2Fv2%2Fcategories&post=1926"},{"taxonomy":"post_tag","embeddable":true,"href":"https:\/\/missoesgracaevida.com.br\/home\/index.php?rest_route=%2Fwp%2Fv2%2Ftags&post=1926"}],"curies":[{"name":"wp","href":"https:\/\/api.w.org\/{rel}","templated":true}]}}