{"id":174,"date":"2018-06-17T12:08:15","date_gmt":"2018-06-17T12:08:15","guid":{"rendered":"http:\/\/missoesgracaevida.com.br\/home\/?p=174"},"modified":"2018-10-31T00:59:16","modified_gmt":"2018-10-31T00:59:16","slug":"post-principal-3","status":"publish","type":"post","link":"https:\/\/missoesgracaevida.com.br\/home\/?p=174","title":{"rendered":"JOVEM CRIST\u00c3O CONDENADO A PRIS\u00c3O PERP\u00c9TUA NO PAQUIST\u00c3O"},"content":{"rendered":"<p style=\"text-align: left;\"><img loading=\"lazy\" class=\"size-full wp-image-658 aligncenter\" src=\"http:\/\/missoesgracaevida.com.br\/home\/wp-content\/uploads\/2018\/06\/Pakistan_young-man-b.jpg\" alt=\"\" width=\"750\" height=\"400\" srcset=\"https:\/\/missoesgracaevida.com.br\/home\/wp-content\/uploads\/2018\/06\/Pakistan_young-man-b.jpg 750w, https:\/\/missoesgracaevida.com.br\/home\/wp-content\/uploads\/2018\/06\/Pakistan_young-man-b-300x160.jpg 300w\" sizes=\"(max-width: 750px) 100vw, 750px\" \/>Somente Deus pode revogar a senten\u00e7a de Bashir. Ore por ele.<\/p>\n<hr \/>\n<p>Yaqoob Bashir Masih* tinha 20 anos quando foi acusado de blasf\u00eamia, em junho de 2015. Desde ent\u00e3o ele est\u00e1 preso no Paquist\u00e3o, e agora foi sentenciado a pris\u00e3o perp\u00e9tua por queimar um livreto que continha versos do alcor\u00e3o, o livro sagrado do islamismo. A fam\u00edlia apelou duas vezes para libert\u00e1-lo sob fian\u00e7a, mas o pedido foi negado.<\/p>\n<p>Bashir, conhecido localmente como \u201cKala\u201d, tem dificuldades de aprendizagem. Um vizinho dele, Mushtaq Masih*, contou \u00e0 Portas Abertas o que testemunhou. Ele disse que era por volta das 7h da manh\u00e3 quando um burburinho come\u00e7ou. Em seguida, viu uma multid\u00e3o batendo em Bashir, enquanto seu irm\u00e3o mais velho perguntava: \u201cOnde est\u00e1 a c\u00f3pia do alcor\u00e3o que o l\u00edder religioso te deu?\u201d Por fim, jogaram querosene nele e amea\u00e7aram incendi\u00e1-lo se n\u00e3o contasse onde estava o livro. Ent\u00e3o ele disse que havia queimado o livro e depois o enterrado.<\/p>\n<p>O vizinho\u00a0disse que Bashir havia pedido uma c\u00f3pia do alcor\u00e3o ao l\u00edder isl\u00e2mico dizendo que suas irm\u00e3s queriam ler. Mas ao inv\u00e9s disso, ele o levou para casa e queimou. Foi relatado que alguns estudantes de escola cor\u00e2nica (onde se estuda o livro sagrado do isl\u00e3) o viram queimar o alcor\u00e3o e ent\u00e3o informaram o l\u00edder isl\u00e2mico. Em seguida a pol\u00edcia foi informada da confiss\u00e3o de Bashir e o prendeu.<\/p>\n<p>No Paquist\u00e3o, blasf\u00eamia contra o isl\u00e3 \u00e9 um assunto muito delicado, sempre levando \u00e0 viol\u00eancia da multid\u00e3o. Por essa raz\u00e3o, at\u00e9 mesmo delegados temem repres\u00e1lias ao investigar casos de blasf\u00eamia e ju\u00edzes temem se posicionar a favor dos acusados. Ap\u00f3s a condena\u00e7\u00e3o, um pedido para revogar a decis\u00e3o ser\u00e1 entregue dentro de um m\u00eas. No entanto, \u00e9 muito prov\u00e1vel que leve anos para que o mesmo seja ouvido e haja uma mudan\u00e7a em favor de Bashir. Ore para que seja feita justi\u00e7a nessa situa\u00e7\u00e3o, pela vida de Bashir e pela Igreja Perseguida do Paquist\u00e3o.<\/p>\n<p><em>*O nome Masih, que deriva de Messias, \u00e9 usado pela comunidade crist\u00e3 do Paquist\u00e3o h\u00e1 anos para os homens crist\u00e3os e n\u00e3o indica la\u00e7os familiares necessariamente.<\/em><\/p>\n<p>Fonte:\u00a0<a href=\"https:\/\/www.portasabertas.org.br\/categoria\/noticias\/jovem-cristao-condenado-a-prisao-perpetua-no-paquistao\">https:\/\/www.portasabertas.org.br\/categoria\/noticias\/jovem-cristao-condenado-a-prisao-perpetua-no-paquistao<\/a><\/p>\n","protected":false},"excerpt":{"rendered":"<p>Somente Deus pode revogar a senten\u00e7a de Bashir. Ore por ele. Yaqoob Bashir Masih* tinha 20 anos quando foi acusado de blasf\u00eamia, em junho de 2015. Desde ent\u00e3o ele est\u00e1&hellip;<\/p>\n","protected":false},"author":2,"featured_media":658,"comment_status":"open","ping_status":"open","sticky":false,"template":"","format":"standard","meta":[],"categories":[19],"tags":[],"_links":{"self":[{"href":"https:\/\/missoesgracaevida.com.br\/home\/index.php?rest_route=\/wp\/v2\/posts\/174"}],"collection":[{"href":"https:\/\/missoesgracaevida.com.br\/home\/index.php?rest_route=\/wp\/v2\/posts"}],"about":[{"href":"https:\/\/missoesgracaevida.com.br\/home\/index.php?rest_route=\/wp\/v2\/types\/post"}],"author":[{"embeddable":true,"href":"https:\/\/missoesgracaevida.com.br\/home\/index.php?rest_route=\/wp\/v2\/users\/2"}],"replies":[{"embeddable":true,"href":"https:\/\/missoesgracaevida.com.br\/home\/index.php?rest_route=%2Fwp%2Fv2%2Fcomments&post=174"}],"version-history":[{"count":9,"href":"https:\/\/missoesgracaevida.com.br\/home\/index.php?rest_route=\/wp\/v2\/posts\/174\/revisions"}],"predecessor-version":[{"id":662,"href":"https:\/\/missoesgracaevida.com.br\/home\/index.php?rest_route=\/wp\/v2\/posts\/174\/revisions\/662"}],"wp:featuredmedia":[{"embeddable":true,"href":"https:\/\/missoesgracaevida.com.br\/home\/index.php?rest_route=\/wp\/v2\/media\/658"}],"wp:attachment":[{"href":"https:\/\/missoesgracaevida.com.br\/home\/index.php?rest_route=%2Fwp%2Fv2%2Fmedia&parent=174"}],"wp:term":[{"taxonomy":"category","embeddable":true,"href":"https:\/\/missoesgracaevida.com.br\/home\/index.php?rest_route=%2Fwp%2Fv2%2Fcategories&post=174"},{"taxonomy":"post_tag","embeddable":true,"href":"https:\/\/missoesgracaevida.com.br\/home\/index.php?rest_route=%2Fwp%2Fv2%2Ftags&post=174"}],"curies":[{"name":"wp","href":"https:\/\/api.w.org\/{rel}","templated":true}]}}