{"id":1251,"date":"2019-10-10T10:25:42","date_gmt":"2019-10-10T13:25:42","guid":{"rendered":"http:\/\/missoesgracaevida.com.br\/home\/?p=1251"},"modified":"2019-10-10T10:25:42","modified_gmt":"2019-10-10T13:25:43","slug":"culto-de-missoes-outubro2019-tema-quilombolas","status":"publish","type":"post","link":"https:\/\/missoesgracaevida.com.br\/home\/?p=1251","title":{"rendered":"Culto de Miss\u00f5es &#8211; Outubro\/2019 &#8211; Tema Quilombolas"},"content":{"rendered":"<p>Convidamos a todos os irm\u00e3os para estarem conosco no dia 13\/10\/19 (domingo) \u00e0s 19:30h para juntos adorarmos ao Senhor. Esse ser\u00e1 um dia especial porque \u00e9 o nosso culto mission\u00e1rio com o tema &#8220;Quilombolas&#8221;.<br \/>\nO termo quilombola deriva do latim e significa &#8220;aquele que foge muito&#8221;.<br \/>\nEnquanto no per\u00edodo da\u00a0escravid\u00e3o\u00a0o termo referia-se a\u00a0escravos\u00a0africanos e afrodescendentes que fugiram dos\u00a0engenhos\u00a0de\u00a0cana-de-a\u00e7\u00facar, fazendas e pequenas\u00a0propriedades\u00a0para formar pequenos vilarejos chamados de quilombos, contemporaneamente ele refere-se aos descendentes desses povos escravizados, que vivem em comunidades rurais, suburbanas e urbanas caracterizadas pela agricultura de subsist\u00eancia e por manifesta\u00e7\u00f5es culturais que t\u00eam forte v\u00ednculo com o passado africano.<br \/>\nExistem hoje no Brasil, mais de 1200 comunidades quilombolas certificadas e 143 \u00e1reas com terras j\u00e1 tituladas.<\/p>\n<p>As Miss\u00f5es Gra\u00e7a &amp; Vida atrav\u00e9s desse culto especial quer chamar a sua aten\u00e7\u00e3o para esse povo que precisa ouvir a Palavra de Deus. Muitos deles est\u00e3o isolados e n\u00e3o conhecem o amor de Jesus.<\/p>\n<p>Que possamos nos lembrar desses povos em nossas ora\u00e7\u00f5es. Que possamos ir atr\u00e1s dessas almas que s\u00e3o muito valiosas para Deus.<\/p>\n<p>Nos ajude a fazer miss\u00f5es. Ore! Jejue! Contribua! V\u00e1!<\/p>\n<p><strong>Miss\u00f5es Gra\u00e7a &amp; Vida &#8211; Levando P\u00e3o do C\u00e9u para quem tem fome.<\/strong><\/p>\n<p>Fonte:\u00a0<a href=\"https:\/\/pt.wikipedia.org\/wiki\/Quilombolas\">https:\/\/pt.wikipedia.org\/wiki\/Quilombolas<\/a><\/p>\n","protected":false},"excerpt":{"rendered":"<p>Convidamos a todos os irm\u00e3os para estarem conosco no dia 13\/10\/19 (domingo) \u00e0s 19:30h para juntos adorarmos ao Senhor. Esse ser\u00e1 um dia especial porque \u00e9 o nosso culto mission\u00e1rio&hellip;<\/p>\n","protected":false},"author":2,"featured_media":1252,"comment_status":"open","ping_status":"open","sticky":false,"template":"","format":"standard","meta":[],"categories":[1,19],"tags":[],"_links":{"self":[{"href":"https:\/\/missoesgracaevida.com.br\/home\/index.php?rest_route=\/wp\/v2\/posts\/1251"}],"collection":[{"href":"https:\/\/missoesgracaevida.com.br\/home\/index.php?rest_route=\/wp\/v2\/posts"}],"about":[{"href":"https:\/\/missoesgracaevida.com.br\/home\/index.php?rest_route=\/wp\/v2\/types\/post"}],"author":[{"embeddable":true,"href":"https:\/\/missoesgracaevida.com.br\/home\/index.php?rest_route=\/wp\/v2\/users\/2"}],"replies":[{"embeddable":true,"href":"https:\/\/missoesgracaevida.com.br\/home\/index.php?rest_route=%2Fwp%2Fv2%2Fcomments&post=1251"}],"version-history":[{"count":1,"href":"https:\/\/missoesgracaevida.com.br\/home\/index.php?rest_route=\/wp\/v2\/posts\/1251\/revisions"}],"predecessor-version":[{"id":1253,"href":"https:\/\/missoesgracaevida.com.br\/home\/index.php?rest_route=\/wp\/v2\/posts\/1251\/revisions\/1253"}],"wp:featuredmedia":[{"embeddable":true,"href":"https:\/\/missoesgracaevida.com.br\/home\/index.php?rest_route=\/wp\/v2\/media\/1252"}],"wp:attachment":[{"href":"https:\/\/missoesgracaevida.com.br\/home\/index.php?rest_route=%2Fwp%2Fv2%2Fmedia&parent=1251"}],"wp:term":[{"taxonomy":"category","embeddable":true,"href":"https:\/\/missoesgracaevida.com.br\/home\/index.php?rest_route=%2Fwp%2Fv2%2Fcategories&post=1251"},{"taxonomy":"post_tag","embeddable":true,"href":"https:\/\/missoesgracaevida.com.br\/home\/index.php?rest_route=%2Fwp%2Fv2%2Ftags&post=1251"}],"curies":[{"name":"wp","href":"https:\/\/api.w.org\/{rel}","templated":true}]}}