{"id":1248,"date":"2019-10-08T10:42:34","date_gmt":"2019-10-08T13:42:34","guid":{"rendered":"http:\/\/missoesgracaevida.com.br\/home\/?p=1248"},"modified":"2019-10-08T10:42:34","modified_gmt":"2019-10-08T13:42:34","slug":"relatorio-mensal-projeto-a-bahia-e-do-santo-dos-santos-agosto19","status":"publish","type":"post","link":"https:\/\/missoesgracaevida.com.br\/home\/?p=1248","title":{"rendered":"Relat\u00f3rio Mensal: Projeto A Bahia \u00e9 do Santo dos santos &#8211; Agosto\/19"},"content":{"rendered":"<p>Primeiramente agradecemos a Deus e a todos voc\u00eas mantenedores que nos apoiam nesta grande obra.<br \/>\nEstamos realizando ora\u00e7\u00f5es nos lares e o Senhor tem operado poderosamente no meio das fam\u00edlias.<br \/>\nO Pastor Aldair est\u00e1 indo ajudar uma igreja em Rancho Queimado.<br \/>\nNosso culto de jovens foi uma ben\u00e7\u00e3o, para a honra e gl\u00f3ria de Deus.<br \/>\nContinuem orando e contribuindo com a obra mission\u00e1ria.<\/p>\n<blockquote>\n<p style=\"text-align: right;\">\n<strong>Atenciosamente,<\/strong><br \/>\n<strong>Mission\u00e1rios Aldair e Eliene dos Santos<\/strong><\/p>\n<\/blockquote>\n","protected":false},"excerpt":{"rendered":"<p>Primeiramente agradecemos a Deus e a todos voc\u00eas mantenedores que nos apoiam nesta grande obra. Estamos realizando ora\u00e7\u00f5es nos lares e o Senhor tem operado poderosamente no meio das fam\u00edlias.&hellip;<\/p>\n","protected":false},"author":2,"featured_media":1249,"comment_status":"open","ping_status":"open","sticky":false,"template":"","format":"standard","meta":[],"categories":[28,21],"tags":[],"_links":{"self":[{"href":"https:\/\/missoesgracaevida.com.br\/home\/index.php?rest_route=\/wp\/v2\/posts\/1248"}],"collection":[{"href":"https:\/\/missoesgracaevida.com.br\/home\/index.php?rest_route=\/wp\/v2\/posts"}],"about":[{"href":"https:\/\/missoesgracaevida.com.br\/home\/index.php?rest_route=\/wp\/v2\/types\/post"}],"author":[{"embeddable":true,"href":"https:\/\/missoesgracaevida.com.br\/home\/index.php?rest_route=\/wp\/v2\/users\/2"}],"replies":[{"embeddable":true,"href":"https:\/\/missoesgracaevida.com.br\/home\/index.php?rest_route=%2Fwp%2Fv2%2Fcomments&post=1248"}],"version-history":[{"count":1,"href":"https:\/\/missoesgracaevida.com.br\/home\/index.php?rest_route=\/wp\/v2\/posts\/1248\/revisions"}],"predecessor-version":[{"id":1250,"href":"https:\/\/missoesgracaevida.com.br\/home\/index.php?rest_route=\/wp\/v2\/posts\/1248\/revisions\/1250"}],"wp:featuredmedia":[{"embeddable":true,"href":"https:\/\/missoesgracaevida.com.br\/home\/index.php?rest_route=\/wp\/v2\/media\/1249"}],"wp:attachment":[{"href":"https:\/\/missoesgracaevida.com.br\/home\/index.php?rest_route=%2Fwp%2Fv2%2Fmedia&parent=1248"}],"wp:term":[{"taxonomy":"category","embeddable":true,"href":"https:\/\/missoesgracaevida.com.br\/home\/index.php?rest_route=%2Fwp%2Fv2%2Fcategories&post=1248"},{"taxonomy":"post_tag","embeddable":true,"href":"https:\/\/missoesgracaevida.com.br\/home\/index.php?rest_route=%2Fwp%2Fv2%2Ftags&post=1248"}],"curies":[{"name":"wp","href":"https:\/\/api.w.org\/{rel}","templated":true}]}}