{"id":1242,"date":"2019-10-07T15:20:34","date_gmt":"2019-10-07T18:20:34","guid":{"rendered":"http:\/\/missoesgracaevida.com.br\/home\/?p=1242"},"modified":"2019-10-07T15:20:48","modified_gmt":"2019-10-07T18:20:48","slug":"relatorio-mensal-projeto-agua-doce-de-jesus-agosto2019","status":"publish","type":"post","link":"https:\/\/missoesgracaevida.com.br\/home\/?p=1242","title":{"rendered":"Relat\u00f3rio Mensal: Projeto &#8211; \u00c1gua Doce de Jesus &#8211; Agosto\/2019"},"content":{"rendered":"<p>Que a gra\u00e7a e a paz do Senhor estejam com todos colaboradores da obra mission\u00e1ria. \u00c9 com muita alegria que passamos a relatar as realiza\u00e7\u00f5es do campo mission\u00e1rio no munic\u00edpio de \u00c1gua Doce do Norte\/ES.<br \/>\nNosso caf\u00e9 espiritual tem sido uma ben\u00e7\u00e3o.<br \/>\nNossos cultos de sexta-feira e domingo em \u00c1gua Doce do Norte tem sido uma ben\u00e7\u00e3o, 04 almas voltaram par Jesus.<br \/>\nNossos cultos em Rio Preto tem sido uma ben\u00e7\u00e3o para a honra e gl\u00f3ria do Senhor Jesus.<br \/>\nContinuem orando e contribuindo com a obra mission\u00e1ria, as vossas ora\u00e7\u00f5es e contribui\u00e7\u00f5es s\u00e3o de grande valia para essa obra. Agradecemos a Deus por cada contribuinte e nos despedimos com a paz do Senhor Jesus.<\/p>\n<blockquote>\n<p style=\"text-align: right;\"><strong>Atenciosamente,<\/strong><br \/>\n<strong>Mission\u00e1rios Joel e Ijane Sena<\/strong><\/p>\n<\/blockquote>\n","protected":false},"excerpt":{"rendered":"<p>Que a gra\u00e7a e a paz do Senhor estejam com todos colaboradores da obra mission\u00e1ria. \u00c9 com muita alegria que passamos a relatar as realiza\u00e7\u00f5es do campo mission\u00e1rio no munic\u00edpio&hellip;<\/p>\n","protected":false},"author":2,"featured_media":1243,"comment_status":"open","ping_status":"open","sticky":false,"template":"","format":"standard","meta":[],"categories":[13,21],"tags":[],"_links":{"self":[{"href":"https:\/\/missoesgracaevida.com.br\/home\/index.php?rest_route=\/wp\/v2\/posts\/1242"}],"collection":[{"href":"https:\/\/missoesgracaevida.com.br\/home\/index.php?rest_route=\/wp\/v2\/posts"}],"about":[{"href":"https:\/\/missoesgracaevida.com.br\/home\/index.php?rest_route=\/wp\/v2\/types\/post"}],"author":[{"embeddable":true,"href":"https:\/\/missoesgracaevida.com.br\/home\/index.php?rest_route=\/wp\/v2\/users\/2"}],"replies":[{"embeddable":true,"href":"https:\/\/missoesgracaevida.com.br\/home\/index.php?rest_route=%2Fwp%2Fv2%2Fcomments&post=1242"}],"version-history":[{"count":1,"href":"https:\/\/missoesgracaevida.com.br\/home\/index.php?rest_route=\/wp\/v2\/posts\/1242\/revisions"}],"predecessor-version":[{"id":1244,"href":"https:\/\/missoesgracaevida.com.br\/home\/index.php?rest_route=\/wp\/v2\/posts\/1242\/revisions\/1244"}],"wp:featuredmedia":[{"embeddable":true,"href":"https:\/\/missoesgracaevida.com.br\/home\/index.php?rest_route=\/wp\/v2\/media\/1243"}],"wp:attachment":[{"href":"https:\/\/missoesgracaevida.com.br\/home\/index.php?rest_route=%2Fwp%2Fv2%2Fmedia&parent=1242"}],"wp:term":[{"taxonomy":"category","embeddable":true,"href":"https:\/\/missoesgracaevida.com.br\/home\/index.php?rest_route=%2Fwp%2Fv2%2Fcategories&post=1242"},{"taxonomy":"post_tag","embeddable":true,"href":"https:\/\/missoesgracaevida.com.br\/home\/index.php?rest_route=%2Fwp%2Fv2%2Ftags&post=1242"}],"curies":[{"name":"wp","href":"https:\/\/api.w.org\/{rel}","templated":true}]}}