{"id":1224,"date":"2019-09-19T11:30:13","date_gmt":"2019-09-19T14:30:13","guid":{"rendered":"http:\/\/missoesgracaevida.com.br\/home\/?p=1224"},"modified":"2019-09-19T11:30:33","modified_gmt":"2019-09-19T14:30:33","slug":"relatorio-mensal-projeto-missoes-urbanas-agosto2019","status":"publish","type":"post","link":"https:\/\/missoesgracaevida.com.br\/home\/?p=1224","title":{"rendered":"Relat\u00f3rio Mensal: Projeto Miss\u00f5es Urbanas &#8211; Agosto\/2019"},"content":{"rendered":"<p>A Paz do Senhor, amados irm\u00e3os e mantenedores deste projeto, venho atrav\u00e9s deste relat\u00f3rio apresentar o meu trabalho que para honra e gl\u00f3ria de Deus ele concedeu em minhas m\u00e3os para fazer:<\/p>\n<p><strong>Segunda-feira<br \/>\nManh\u00e3\/Tarde<\/strong>: Evangelismo nos \u00f4nibus, Evangelismo no Hospital HPM;<br \/>\n<strong>Noite<\/strong>: Evangelismo no Centro de recupera\u00e7\u00e3o em Novo Horizonte \u2013 Serra\/ES (Equipe).<br \/>\n<strong><br \/>\nTer\u00e7a-feira<br \/>\nManh\u00e3<\/strong>: Evangelismo no Pres\u00eddio (Equipe);<br \/>\n<strong>Tarde<\/strong>: Evangelismo nos \u00f4nibus, Evangelismo no Hospital Infantil.<br \/>\n<strong><br \/>\nQuarta-feira<br \/>\nManh\u00e3<\/strong>: Evangelismo nos \u00f4nibus, Evangelismo no Hospital Santa Rita;<br \/>\n<strong>Tarde<\/strong>: Evangelismo nos \u00f4nibus, Evangelismo no Hospital das Cl\u00ednicas, Evangelismo no p\u00e1tio do Hospital das Cl\u00ednicas.<br \/>\n<strong><br \/>\nQuinta-feira<br \/>\nTarde<\/strong>: Evangelismo nos \u00f4nibus, Evangelismo no Hospital Dr Jayme Santos Neves.<br \/>\n<strong><br \/>\nSexta-feira<br \/>\nManh\u00e3 e Tarde<\/strong> \u2013 Evangelismo nos \u00f4nibus, Evangelismo no Hospital dos<br \/>\nFerrovi\u00e1rios.<br \/>\n<strong><br \/>\nS\u00e1bado<br \/>\n<\/strong><strong>Manh\u00e3<\/strong>: Evangelismo nos \u00f4nibus, Evangelismo no Hospital D\u00f3rio Silva;<br \/>\n<strong>Noite<\/strong>: Evangelismo nos Terminais da Grande Vit\u00f3ria.<\/p>\n<p><img loading=\"lazy\" class=\"size-full wp-image-1226 aligncenter\" src=\"http:\/\/missoesgracaevida.com.br\/home\/wp-content\/uploads\/2019\/09\/missoes_urbanas_agosto_2019.jpg\" alt=\"\" width=\"490\" height=\"417\" srcset=\"https:\/\/missoesgracaevida.com.br\/home\/wp-content\/uploads\/2019\/09\/missoes_urbanas_agosto_2019.jpg 490w, https:\/\/missoesgracaevida.com.br\/home\/wp-content\/uploads\/2019\/09\/missoes_urbanas_agosto_2019-300x255.jpg 300w\" sizes=\"(max-width: 490px) 100vw, 490px\" \/><\/p>\n<ul>\n<li><strong>Trabalho de Evangelismo com moradores de ruas e andarilhos.<br \/>\n<\/strong><\/li>\n<li><strong>Se voc\u00ea tem algum ente querido, amigo ou conhecido que esteja hospitalizado em algum desses hospitais, agende conosco uma visita que teremos o prazer de levarmos a Palavra de Deus a essas pessoas.<br \/>\n<\/strong><\/li>\n<li><strong>E orem por mim, para que esta grande obra continue para gl\u00f3ria de Deus.<\/strong><\/li>\n<\/ul>\n<blockquote>\n<p style=\"text-align: right;\"><strong>Atenciosamente;<\/strong><br \/>\n<strong>Mission\u00e1rio Evangelista Francisco Lucas da Silva<\/strong><\/p>\n<\/blockquote>\n","protected":false},"excerpt":{"rendered":"<p>A Paz do Senhor, amados irm\u00e3os e mantenedores deste projeto, venho atrav\u00e9s deste relat\u00f3rio apresentar o meu trabalho que para honra e gl\u00f3ria de Deus ele concedeu em minhas m\u00e3os&hellip;<\/p>\n","protected":false},"author":2,"featured_media":1226,"comment_status":"open","ping_status":"open","sticky":false,"template":"","format":"standard","meta":[],"categories":[21,26],"tags":[],"_links":{"self":[{"href":"https:\/\/missoesgracaevida.com.br\/home\/index.php?rest_route=\/wp\/v2\/posts\/1224"}],"collection":[{"href":"https:\/\/missoesgracaevida.com.br\/home\/index.php?rest_route=\/wp\/v2\/posts"}],"about":[{"href":"https:\/\/missoesgracaevida.com.br\/home\/index.php?rest_route=\/wp\/v2\/types\/post"}],"author":[{"embeddable":true,"href":"https:\/\/missoesgracaevida.com.br\/home\/index.php?rest_route=\/wp\/v2\/users\/2"}],"replies":[{"embeddable":true,"href":"https:\/\/missoesgracaevida.com.br\/home\/index.php?rest_route=%2Fwp%2Fv2%2Fcomments&post=1224"}],"version-history":[{"count":3,"href":"https:\/\/missoesgracaevida.com.br\/home\/index.php?rest_route=\/wp\/v2\/posts\/1224\/revisions"}],"predecessor-version":[{"id":1228,"href":"https:\/\/missoesgracaevida.com.br\/home\/index.php?rest_route=\/wp\/v2\/posts\/1224\/revisions\/1228"}],"wp:featuredmedia":[{"embeddable":true,"href":"https:\/\/missoesgracaevida.com.br\/home\/index.php?rest_route=\/wp\/v2\/media\/1226"}],"wp:attachment":[{"href":"https:\/\/missoesgracaevida.com.br\/home\/index.php?rest_route=%2Fwp%2Fv2%2Fmedia&parent=1224"}],"wp:term":[{"taxonomy":"category","embeddable":true,"href":"https:\/\/missoesgracaevida.com.br\/home\/index.php?rest_route=%2Fwp%2Fv2%2Fcategories&post=1224"},{"taxonomy":"post_tag","embeddable":true,"href":"https:\/\/missoesgracaevida.com.br\/home\/index.php?rest_route=%2Fwp%2Fv2%2Ftags&post=1224"}],"curies":[{"name":"wp","href":"https:\/\/api.w.org\/{rel}","templated":true}]}}