{"id":1182,"date":"2019-08-20T13:05:35","date_gmt":"2019-08-20T16:05:35","guid":{"rendered":"http:\/\/missoesgracaevida.com.br\/home\/?p=1182"},"modified":"2019-08-20T13:05:35","modified_gmt":"2019-08-20T16:05:35","slug":"projeto-criancas-nordestinas-relatorio-mensal-julho-2019","status":"publish","type":"post","link":"https:\/\/missoesgracaevida.com.br\/home\/?p=1182","title":{"rendered":"Projeto: Crian\u00e7as Nordestinas &#8211; Relat\u00f3rio Mensal &#8211; Julho 2019"},"content":{"rendered":"<p>Sou grata ao Senhor Jesus por tudo que Ele nos tem proporcionado no campo mission\u00e1rio. Venho por meio deste relat\u00f3rio informar sobre as grandes maravilhas do Senhor Jesus, onde estamos firmes e avante nos trabalhos.<br \/>\nO m\u00eas de julho foi de b\u00ean\u00e7\u00e3os nas nossas vidas, onde aconteceu um encontro de mission\u00e1rios do Nordeste na igreja AD Miss\u00e3o Josu\u00e9 e inaugura\u00e7\u00e3o do templo. Em seguida, fizemos um trabalho de evangelismo infantil em uma ONG no bairro Jo\u00e3o Cabral, em Juazeiro do Norte-CE, louvamos e ministramos a Palavra de Deus para aquelas crian\u00e7as. Cremos que a Palavra de Deus foi plantada.<br \/>\nNo trabalho da campina, sitio situado em Araripe-CE, Deus tem agido fortemente, onde nas sextas-feiras estamos l\u00e1 para adorar a Deus, juntamente com aquele povo animado e que tem um cora\u00e7\u00e3o quebrantado. No m\u00eas de julho teve um batismo nas \u00e1guas na campina, o Sr. Gessi de 76 anos, que mesmo n\u00e3o enxergando mais, mas consciente da sua decis\u00e3o, desceu as \u00e1guas. Foi lindo!<br \/>\nDeus colocou um projeto em meu cora\u00e7\u00e3o, um trabalho infantil, em Vila das Pedras, bairro localizado na cidade de Araripe. Podemos contemplar as m\u00e3os de Deus trabalhando. Aos s\u00e1bados estou l\u00e1 juntamente com eles para adorar a Deus.<br \/>\nTemos v\u00e1rios projetos a serem desenvolvidos para o reino. Desde j\u00e1 rogo as vossas ora\u00e7\u00f5es.<br \/>\nTemos trabalhado constantemente na obra do Senhor. Sofra eu, sofra voc\u00ea, mas que n\u00e3o sofra a obra de Deus. Rogo aos irm\u00e3os que em vossas ora\u00e7\u00f5es, orem por n\u00f3s, carecemos das vossas intercess\u00f5es. Fiquem na Paz do Senhor.<\/p>\n<p style=\"text-align: right;\"><strong>Atenciosamente,<\/strong><br \/>\n<strong>Mission\u00e1ria Vanessa Gomes<\/strong><\/p>\n","protected":false},"excerpt":{"rendered":"<p>Sou grata ao Senhor Jesus por tudo que Ele nos tem proporcionado no campo mission\u00e1rio. Venho por meio deste relat\u00f3rio informar sobre as grandes maravilhas do Senhor Jesus, onde estamos&hellip;<\/p>\n","protected":false},"author":2,"featured_media":1184,"comment_status":"open","ping_status":"open","sticky":false,"template":"","format":"standard","meta":[],"categories":[21,17],"tags":[],"_links":{"self":[{"href":"https:\/\/missoesgracaevida.com.br\/home\/index.php?rest_route=\/wp\/v2\/posts\/1182"}],"collection":[{"href":"https:\/\/missoesgracaevida.com.br\/home\/index.php?rest_route=\/wp\/v2\/posts"}],"about":[{"href":"https:\/\/missoesgracaevida.com.br\/home\/index.php?rest_route=\/wp\/v2\/types\/post"}],"author":[{"embeddable":true,"href":"https:\/\/missoesgracaevida.com.br\/home\/index.php?rest_route=\/wp\/v2\/users\/2"}],"replies":[{"embeddable":true,"href":"https:\/\/missoesgracaevida.com.br\/home\/index.php?rest_route=%2Fwp%2Fv2%2Fcomments&post=1182"}],"version-history":[{"count":2,"href":"https:\/\/missoesgracaevida.com.br\/home\/index.php?rest_route=\/wp\/v2\/posts\/1182\/revisions"}],"predecessor-version":[{"id":1185,"href":"https:\/\/missoesgracaevida.com.br\/home\/index.php?rest_route=\/wp\/v2\/posts\/1182\/revisions\/1185"}],"wp:featuredmedia":[{"embeddable":true,"href":"https:\/\/missoesgracaevida.com.br\/home\/index.php?rest_route=\/wp\/v2\/media\/1184"}],"wp:attachment":[{"href":"https:\/\/missoesgracaevida.com.br\/home\/index.php?rest_route=%2Fwp%2Fv2%2Fmedia&parent=1182"}],"wp:term":[{"taxonomy":"category","embeddable":true,"href":"https:\/\/missoesgracaevida.com.br\/home\/index.php?rest_route=%2Fwp%2Fv2%2Fcategories&post=1182"},{"taxonomy":"post_tag","embeddable":true,"href":"https:\/\/missoesgracaevida.com.br\/home\/index.php?rest_route=%2Fwp%2Fv2%2Ftags&post=1182"}],"curies":[{"name":"wp","href":"https:\/\/api.w.org\/{rel}","templated":true}]}}