{"id":1134,"date":"2019-08-09T21:37:41","date_gmt":"2019-08-10T00:37:41","guid":{"rendered":"http:\/\/missoesgracaevida.com.br\/home\/?p=1134"},"modified":"2019-08-09T21:37:58","modified_gmt":"2019-08-10T00:37:58","slug":"missoes-urbanas","status":"publish","type":"post","link":"https:\/\/missoesgracaevida.com.br\/home\/?p=1134","title":{"rendered":"Miss\u00f5es Urbanas"},"content":{"rendered":"<p>Quero expressar a minha alegria em fazer parte deste momento especial onde as Miss\u00f5es Gra\u00e7a e Vida, em parceria com o Centro Social Gra\u00e7a e Vida, na \u00faltima sexta-feira (02\/08\/2019) realizaram uma obra de amor, onde foram entregues cobertores, sopa, muitos abra\u00e7os afetuosos e uma Palavra de salva\u00e7\u00e3o do nosso Jesus.<br \/>\nAlcan\u00e7amos as regi\u00f5es da Cracol\u00e2ndia em Jardim Limoeiro, Carapina, UPAs de Carapina e Serra Sede e o Hospital Jayme Santos Neves.<br \/>\nQuero louvar a Deus e agradecer a todos os envolvidos nesta obra de amor ao pr\u00f3ximo realizado em nossa cidade de Serra \/ ES.<\/p>\n<p style=\"text-align: right;\"><strong>Pr. Ivanildo da Concei\u00e7\u00e3o Costa<\/strong><br \/>\n<strong>Presidente das Miss\u00f5es Gra\u00e7a e Vida.<\/strong><\/p>\n<p>Miss\u00f5es Gra\u00e7a &amp; Vida \u2013 Levando P\u00e3o do C\u00e9u para quem tem fome.<\/p>\n<p>Gostou? Por favor, diga isso a essa equipe no formul\u00e1rio abaixo.<\/p>\n<p>Seja voc\u00ea tamb\u00e9m um mantenedor dessa obra. Entre em contato conosco pelo telefone: (27) 3318-5613, ou, se preferir, clicando\u00a0<a href=\"http:\/\/missoesgracaevida.com.br\/home\/?page_id=6\">aqui<\/a><\/p>\n<p>Nos ajude a fazer miss\u00f5es!<br \/>\nOre! Jejue! Contribua! V\u00e1!<\/p>\n<p>Voc\u00ea tamb\u00e9m pode usar a conta abaixo para doar qualquer quantia.<\/p>\n<p>Banco Ita\u00fa<br \/>\nAg\u00eancia: 4293-0<br \/>\nConta: 04413-9<br \/>\nIgreja Evang\u00e9lica Assembleia de Deus de Porto Canoa<br \/>\nCNPJ: 05.095.769\/0001-54<\/p>\n<div class=\"rl-gallery-container rl-loading\" id=\"rl-gallery-container-1\" data-gallery_id=\"1137\"> <div class=\"rl-gallery rl-basicgrid-gallery \" id=\"rl-gallery-1\" data-gallery_no=\"1\"> <div class=\"rl-gallery-item\"><a href=\"https:\/\/missoesgracaevida.com.br\/home\/wp-content\/uploads\/2019\/08\/missoes_urbanas_1.jpeg\" title=\"\" data-rl_title=\"\" class=\"rl-gallery-link\" data-rl_caption=\"\" data-rel=\"lightbox-gallery-1\"><img src=\"https:\/\/missoesgracaevida.com.br\/home\/wp-content\/uploads\/2019\/08\/missoes_urbanas_1-150x150.jpeg\" width=\"150\" height=\"150\" \/><\/a><\/div><div class=\"rl-gallery-item\"><a href=\"https:\/\/missoesgracaevida.com.br\/home\/wp-content\/uploads\/2019\/08\/missoes_urbanas_2.jpeg\" title=\"\" data-rl_title=\"\" class=\"rl-gallery-link\" data-rl_caption=\"\" data-rel=\"lightbox-gallery-1\"><img src=\"https:\/\/missoesgracaevida.com.br\/home\/wp-content\/uploads\/2019\/08\/missoes_urbanas_2-150x150.jpeg\" width=\"150\" height=\"150\" \/><\/a><\/div><div class=\"rl-gallery-item\"><a href=\"https:\/\/missoesgracaevida.com.br\/home\/wp-content\/uploads\/2019\/08\/missoes_urbanas_3.jpeg\" title=\"\" data-rl_title=\"\" class=\"rl-gallery-link\" data-rl_caption=\"\" data-rel=\"lightbox-gallery-1\"><img src=\"https:\/\/missoesgracaevida.com.br\/home\/wp-content\/uploads\/2019\/08\/missoes_urbanas_3-150x150.jpeg\" width=\"150\" height=\"150\" \/><\/a><\/div><div class=\"rl-gallery-item\"><a href=\"https:\/\/missoesgracaevida.com.br\/home\/wp-content\/uploads\/2019\/08\/missoes_urbanas_4.jpeg\" title=\"\" data-rl_title=\"\" class=\"rl-gallery-link\" data-rl_caption=\"\" data-rel=\"lightbox-gallery-1\"><img src=\"https:\/\/missoesgracaevida.com.br\/home\/wp-content\/uploads\/2019\/08\/missoes_urbanas_4-150x150.jpeg\" width=\"150\" height=\"150\" \/><\/a><\/div><div class=\"rl-gallery-item\"><a href=\"https:\/\/missoesgracaevida.com.br\/home\/wp-content\/uploads\/2019\/08\/missoes_urbanas_5.jpeg\" title=\"\" data-rl_title=\"\" class=\"rl-gallery-link\" data-rl_caption=\"\" data-rel=\"lightbox-gallery-1\"><img src=\"https:\/\/missoesgracaevida.com.br\/home\/wp-content\/uploads\/2019\/08\/missoes_urbanas_5-150x150.jpeg\" width=\"150\" height=\"150\" \/><\/a><\/div> <\/div> <\/div>\n","protected":false},"excerpt":{"rendered":"<p>Quero expressar a minha alegria em fazer parte deste momento especial onde as Miss\u00f5es Gra\u00e7a e Vida, em parceria com o Centro Social Gra\u00e7a e Vida, na \u00faltima sexta-feira (02\/08\/2019)&hellip;<\/p>\n","protected":false},"author":2,"featured_media":1140,"comment_status":"open","ping_status":"open","sticky":false,"template":"","format":"standard","meta":[],"categories":[1,19],"tags":[],"_links":{"self":[{"href":"https:\/\/missoesgracaevida.com.br\/home\/index.php?rest_route=\/wp\/v2\/posts\/1134"}],"collection":[{"href":"https:\/\/missoesgracaevida.com.br\/home\/index.php?rest_route=\/wp\/v2\/posts"}],"about":[{"href":"https:\/\/missoesgracaevida.com.br\/home\/index.php?rest_route=\/wp\/v2\/types\/post"}],"author":[{"embeddable":true,"href":"https:\/\/missoesgracaevida.com.br\/home\/index.php?rest_route=\/wp\/v2\/users\/2"}],"replies":[{"embeddable":true,"href":"https:\/\/missoesgracaevida.com.br\/home\/index.php?rest_route=%2Fwp%2Fv2%2Fcomments&post=1134"}],"version-history":[{"count":4,"href":"https:\/\/missoesgracaevida.com.br\/home\/index.php?rest_route=\/wp\/v2\/posts\/1134\/revisions"}],"predecessor-version":[{"id":1144,"href":"https:\/\/missoesgracaevida.com.br\/home\/index.php?rest_route=\/wp\/v2\/posts\/1134\/revisions\/1144"}],"wp:featuredmedia":[{"embeddable":true,"href":"https:\/\/missoesgracaevida.com.br\/home\/index.php?rest_route=\/wp\/v2\/media\/1140"}],"wp:attachment":[{"href":"https:\/\/missoesgracaevida.com.br\/home\/index.php?rest_route=%2Fwp%2Fv2%2Fmedia&parent=1134"}],"wp:term":[{"taxonomy":"category","embeddable":true,"href":"https:\/\/missoesgracaevida.com.br\/home\/index.php?rest_route=%2Fwp%2Fv2%2Fcategories&post=1134"},{"taxonomy":"post_tag","embeddable":true,"href":"https:\/\/missoesgracaevida.com.br\/home\/index.php?rest_route=%2Fwp%2Fv2%2Ftags&post=1134"}],"curies":[{"name":"wp","href":"https:\/\/api.w.org\/{rel}","templated":true}]}}