{"id":1092,"date":"2019-07-31T06:30:55","date_gmt":"2019-07-31T09:30:55","guid":{"rendered":"http:\/\/missoesgracaevida.com.br\/home\/?p=1092"},"modified":"2019-07-31T06:34:37","modified_gmt":"2019-07-31T09:34:37","slug":"oficializacao-de-parceria-3","status":"publish","type":"post","link":"https:\/\/missoesgracaevida.com.br\/home\/?p=1092","title":{"rendered":"Oficializa\u00e7\u00e3o de Parceria &#8211; Elizabel Gon\u00e7alves Est\u00e9tica"},"content":{"rendered":"<p>Quero louvar a Deus pela profissional Elizabel Gon\u00e7alves Est\u00e9tica (beleza corporal e facial) atuante no munic\u00edpio de Serra e toda Grande Vitoria &#8211; ES, que nesta sexta-feira ( 26\/07\/2019), oficializou uma parceria com as Miss\u00f5es Gra\u00e7a e Vida se tornando mantenedora da obra mission\u00e1ria, investindo na expans\u00e3o do Reino de Deus na terra; trabalhando para evangeliza\u00e7\u00e3o mundial.<\/p>\n<p>Voc\u00ea que \u00e9 empres\u00e1rio ou profissional liberal, seja tamb\u00e9m um mantenedor dessa obra. Fa\u00e7a parte desta obra de amor.<\/p>\n<p><strong>Miss\u00f5es Gra\u00e7a &amp; Vida &#8211; Levando P\u00e3o do c\u00e9u para quem tem fome<\/strong><\/p>\n<blockquote>\n<p style=\"text-align: right;\"><strong>Pastor Ivanildo da Concei\u00e7\u00e3o Costa<\/strong><br \/>\n<strong>Presidente das Miss\u00f5es Gra\u00e7a &amp; Vida<\/strong><\/p>\n<\/blockquote>\n<p>Entre em contato conosco pelo telefone: (27) 3318-5613, ou, se preferir, clicando\u00a0<a href=\"http:\/\/missoesgracaevida.com.br\/home\/?page_id=6\">aqui<\/a><\/p>\n<p>Nos ajude a fazer miss\u00f5es!<br \/>\nOre! Jejue! Contribua! V\u00e1!<\/p>\n<p>Voc\u00ea tamb\u00e9m pode usar a conta abaixo para doar qualquer quantia.<\/p>\n<p>Banco Ita\u00fa<br \/>\nAg\u00eancia: 4293-0<br \/>\nConta: 04413-9<br \/>\nIgreja Evang\u00e9lica Assembleia de Deus de Porto Canoa<br \/>\nCNPJ: 05.095.769\/0001-54<\/p>\n<div class=\"rl-gallery-container rl-loading\" id=\"rl-gallery-container-1\" data-gallery_id=\"1094\"> <div class=\"rl-gallery rl-basicgrid-gallery \" id=\"rl-gallery-1\" data-gallery_no=\"1\"> <div class=\"rl-gallery-item\"><a href=\"https:\/\/missoesgracaevida.com.br\/home\/wp-content\/uploads\/2019\/07\/elizabel1.jpeg\" title=\"\" data-rl_title=\"\" class=\"rl-gallery-link\" data-rl_caption=\"\" data-rel=\"lightbox-gallery-1\"><img src=\"https:\/\/missoesgracaevida.com.br\/home\/wp-content\/uploads\/2019\/07\/elizabel1-150x150.jpeg\" width=\"150\" height=\"150\" \/><\/a><\/div><div class=\"rl-gallery-item\"><a href=\"https:\/\/missoesgracaevida.com.br\/home\/wp-content\/uploads\/2019\/07\/elizabel2.jpeg\" title=\"\" data-rl_title=\"\" class=\"rl-gallery-link\" data-rl_caption=\"\" data-rel=\"lightbox-gallery-1\"><img src=\"https:\/\/missoesgracaevida.com.br\/home\/wp-content\/uploads\/2019\/07\/elizabel2-150x150.jpeg\" width=\"150\" height=\"150\" \/><\/a><\/div><div class=\"rl-gallery-item\"><a href=\"https:\/\/missoesgracaevida.com.br\/home\/wp-content\/uploads\/2019\/07\/elizabel3.jpeg\" title=\"\" data-rl_title=\"\" class=\"rl-gallery-link\" data-rl_caption=\"\" data-rel=\"lightbox-gallery-1\"><img src=\"https:\/\/missoesgracaevida.com.br\/home\/wp-content\/uploads\/2019\/07\/elizabel3-150x150.jpeg\" width=\"150\" height=\"150\" \/><\/a><\/div><div class=\"rl-gallery-item\"><a href=\"https:\/\/missoesgracaevida.com.br\/home\/wp-content\/uploads\/2019\/07\/elizabel5.jpeg\" title=\"\" data-rl_title=\"\" class=\"rl-gallery-link\" data-rl_caption=\"\" data-rel=\"lightbox-gallery-1\"><img src=\"https:\/\/missoesgracaevida.com.br\/home\/wp-content\/uploads\/2019\/07\/elizabel5-150x150.jpeg\" width=\"150\" height=\"150\" \/><\/a><\/div> <\/div> <\/div>\n","protected":false},"excerpt":{"rendered":"<p>Quero louvar a Deus pela profissional Elizabel Gon\u00e7alves Est\u00e9tica (beleza corporal e facial) atuante no munic\u00edpio de Serra e toda Grande Vitoria &#8211; ES, que nesta sexta-feira ( 26\/07\/2019), oficializou&hellip;<\/p>\n","protected":false},"author":2,"featured_media":1095,"comment_status":"open","ping_status":"open","sticky":false,"template":"","format":"standard","meta":[],"categories":[1,19],"tags":[],"_links":{"self":[{"href":"https:\/\/missoesgracaevida.com.br\/home\/index.php?rest_route=\/wp\/v2\/posts\/1092"}],"collection":[{"href":"https:\/\/missoesgracaevida.com.br\/home\/index.php?rest_route=\/wp\/v2\/posts"}],"about":[{"href":"https:\/\/missoesgracaevida.com.br\/home\/index.php?rest_route=\/wp\/v2\/types\/post"}],"author":[{"embeddable":true,"href":"https:\/\/missoesgracaevida.com.br\/home\/index.php?rest_route=\/wp\/v2\/users\/2"}],"replies":[{"embeddable":true,"href":"https:\/\/missoesgracaevida.com.br\/home\/index.php?rest_route=%2Fwp%2Fv2%2Fcomments&post=1092"}],"version-history":[{"count":5,"href":"https:\/\/missoesgracaevida.com.br\/home\/index.php?rest_route=\/wp\/v2\/posts\/1092\/revisions"}],"predecessor-version":[{"id":1103,"href":"https:\/\/missoesgracaevida.com.br\/home\/index.php?rest_route=\/wp\/v2\/posts\/1092\/revisions\/1103"}],"wp:featuredmedia":[{"embeddable":true,"href":"https:\/\/missoesgracaevida.com.br\/home\/index.php?rest_route=\/wp\/v2\/media\/1095"}],"wp:attachment":[{"href":"https:\/\/missoesgracaevida.com.br\/home\/index.php?rest_route=%2Fwp%2Fv2%2Fmedia&parent=1092"}],"wp:term":[{"taxonomy":"category","embeddable":true,"href":"https:\/\/missoesgracaevida.com.br\/home\/index.php?rest_route=%2Fwp%2Fv2%2Fcategories&post=1092"},{"taxonomy":"post_tag","embeddable":true,"href":"https:\/\/missoesgracaevida.com.br\/home\/index.php?rest_route=%2Fwp%2Fv2%2Ftags&post=1092"}],"curies":[{"name":"wp","href":"https:\/\/api.w.org\/{rel}","templated":true}]}}